{"id":1,"date":"2021-04-19T16:27:07","date_gmt":"2021-04-19T16:27:07","guid":{"rendered":"http:\/\/ibclinicadental.com\/?p=1"},"modified":"2024-02-17T19:02:39","modified_gmt":"2024-02-17T19:02:39","slug":"saps-que-son-les-ferules-del-ronc-o-ferules-davancament-mandibular","status":"publish","type":"post","link":"https:\/\/ibclinicadental.com\/ca\/saps-que-son-les-ferules-del-ronc-o-ferules-davancament-mandibular","title":{"rendered":"Saps qu\u00e8 s\u00f3n les f\u00e8rules del ronc o f\u00e8rules d&#8217;avan\u00e7ament mandibular?"},"content":{"rendered":"\n<div class=\"wp-block-group\"><div class=\"wp-block-group__inner-container is-layout-constrained wp-block-group-is-layout-constrained\">\n<div class=\"wpb_text_column wpb_content_element vc_custom_1684324394744 post-formatting \">\n<h2 class=\"wpb_wrapper\">F\u00e8rules del ronc o f\u00e8rules d&#8217;avan\u00e7ament mandibular<\/h2>\n<\/div>\n<div class=\"wpb_text_column wpb_content_element negre post-formatting \">\n<p class=\"wpb_wrapper\">Les <a class=\"\" href=\"https:\/\/ibclinicadental.com\/ca\/ferules-del-ronc\">f\u00e8rules del ronc<\/a> o dispositius d&#8217;avan\u00e7ament mandibular (DAM) redueixen els roncs i les apnees del son lleus i moderades, contribuint a un somni de qualitat i reparadora.<\/p>\n<p><img loading=\"lazy\" decoding=\"async\" class=\"wp-image-1122 aligncenter\" src=\"https:\/\/ibclinicadental.com\/wp-content\/uploads\/2022\/02\/ferula_crop.jpg\" alt=\"\" width=\"674\" height=\"268\" srcset=\"https:\/\/ibclinicadental.com\/wp-content\/uploads\/2022\/02\/ferula_crop.jpg 1000w, https:\/\/ibclinicadental.com\/wp-content\/uploads\/2022\/02\/ferula_crop-300x119.jpg 300w, https:\/\/ibclinicadental.com\/wp-content\/uploads\/2022\/02\/ferula_crop-768x306.jpg 768w, https:\/\/ibclinicadental.com\/wp-content\/uploads\/2022\/02\/ferula_crop-806x321.jpg 806w, https:\/\/ibclinicadental.com\/wp-content\/uploads\/2022\/02\/ferula_crop-558x222.jpg 558w, https:\/\/ibclinicadental.com\/wp-content\/uploads\/2022\/02\/ferula_crop-655x261.jpg 655w\" sizes=\"auto, (max-width: 674px) 100vw, 674px\" \/><\/p>\n<p>Es tracta d&#8217;una <a href=\"https:\/\/ibclinicadental.com\/ca\/ferules-del-ronc\">f\u00e8rula<\/a> doble, maxil\u00b7lar i mandibular, que avan\u00e7a la mand\u00edbula uns mil\u00b7l\u00edmetres, aix\u00ed com la llengua i els teixits tous, aconseguint que la via a\u00e8ria sigui m\u00e9s ampla i permeable i resolent el ronc i la s\u00edndrome d&#8217;apnea del son lleu i moderada.<\/p>\n<h3> <\/h3>\n<h3 class=\"mceTemp\">El Ronc<\/h3>\n<p>El ronc \u00e9s un soroll que es produeix en passar l&#8217;aire pel nas o la boca als pulmons. Aquest soroll es produeix quan les vies a\u00e8ries es troben col\u00b7lapsades o semi-col\u00b7lapsades.<\/p>\n<p>A m\u00e9s del soroll molest que provoca el ronc, tamb\u00e9 hi ha altres conseq\u00fc\u00e8ncies, com \u00e9s la S\u00edndrome de l&#8217;Apnea o Hipo-apnea del son.<\/p>\n<p> <\/p>\n<p><img loading=\"lazy\" decoding=\"async\" class=\"aligncenter size-full wp-image-1123\" src=\"https:\/\/ibclinicadental.com\/wp-content\/uploads\/2022\/02\/ronc.jpg\" alt=\"\" width=\"2122\" height=\"1415\" srcset=\"https:\/\/ibclinicadental.com\/wp-content\/uploads\/2022\/02\/ronc.jpg 2122w, https:\/\/ibclinicadental.com\/wp-content\/uploads\/2022\/02\/ronc-300x200.jpg 300w, https:\/\/ibclinicadental.com\/wp-content\/uploads\/2022\/02\/ronc-1024x683.jpg 1024w, https:\/\/ibclinicadental.com\/wp-content\/uploads\/2022\/02\/ronc-768x512.jpg 768w, https:\/\/ibclinicadental.com\/wp-content\/uploads\/2022\/02\/ronc-1536x1024.jpg 1536w, https:\/\/ibclinicadental.com\/wp-content\/uploads\/2022\/02\/ronc-2048x1366.jpg 2048w, https:\/\/ibclinicadental.com\/wp-content\/uploads\/2022\/02\/ronc-1612x1075.jpg 1612w, https:\/\/ibclinicadental.com\/wp-content\/uploads\/2022\/02\/ronc-1116x744.jpg 1116w, https:\/\/ibclinicadental.com\/wp-content\/uploads\/2022\/02\/ronc-806x537.jpg 806w, https:\/\/ibclinicadental.com\/wp-content\/uploads\/2022\/02\/ronc-558x372.jpg 558w, https:\/\/ibclinicadental.com\/wp-content\/uploads\/2022\/02\/ronc-655x437.jpg 655w\" sizes=\"auto, (max-width: 2122px) 100vw, 2122px\" \/><\/p>\n<p> <\/p>\n<p>L&#8217;acci\u00f3 de roncar pot arribar a ser molesta i fins i tot insuportable per a les persones que conviuen amb nosaltres, provocant problemes de parella ia m\u00e9s provoca que el descans durant el son no sigui l&#8217;adequat i un augment del cansament<br>di\u00fcrn.<\/p>\n<p>Aquesta s\u00edndrome es produeix quan, a causa del col\u00b7lapse de les vies a\u00e8ries, l&#8217;aire no penetra de forma adequada als pulmons, originant una mala respiraci\u00f3 i manca d&#8217;oxigen a tots els \u00f2rgans del nostre cos.<\/p>\n<h3> <\/h3>\n<h3> <\/h3>\n<h3>Qu\u00e8 noten els pacients que ronquen? Com afecta la vida di\u00e0ria?<\/h3>\n<p>Els pacients que ronquen tenen una pitjor qualitat de vida, ja que la resist\u00e8ncia provocada pels teixits tous a l&#8217;entrada d&#8217;aire fa que els seus \u00f2rgans estiguin pitjor oxigenats.<\/p>\n<p>Els s\u00edmptomes dels pacients que ronquen i presenten apnees i hipo-apnees durant el son s\u00f3n:<\/p>\n<ul>\n<li>Ofecs nocturns<\/li>\n<li>Somnol\u00e8ncia durant el dia<\/li>\n<li>Mal de cap al mat\u00ed<\/li>\n<li>Malsons<\/li>\n<li>Sequedat de gola<\/li>\n<li>P\u00e8rdua de capacitat intel\u00b7lectual<\/li>\n<\/ul>\n<p> <\/p>\n<\/div>\n<p><img loading=\"lazy\" decoding=\"async\" class=\"wp-image-1567 aligncenter\" src=\"https:\/\/ibclinicadental.com\/wp-content\/uploads\/2023\/06\/apneas-del-sueno.jpg\" alt=\"\" width=\"744\" height=\"335\" srcset=\"https:\/\/ibclinicadental.com\/wp-content\/uploads\/2023\/06\/apneas-del-sueno.jpg 2120w, https:\/\/ibclinicadental.com\/wp-content\/uploads\/2023\/06\/apneas-del-sueno-300x135.jpg 300w, https:\/\/ibclinicadental.com\/wp-content\/uploads\/2023\/06\/apneas-del-sueno-1024x461.jpg 1024w, https:\/\/ibclinicadental.com\/wp-content\/uploads\/2023\/06\/apneas-del-sueno-768x346.jpg 768w, https:\/\/ibclinicadental.com\/wp-content\/uploads\/2023\/06\/apneas-del-sueno-1536x691.jpg 1536w, https:\/\/ibclinicadental.com\/wp-content\/uploads\/2023\/06\/apneas-del-sueno-2048x922.jpg 2048w, https:\/\/ibclinicadental.com\/wp-content\/uploads\/2023\/06\/apneas-del-sueno-1612x725.jpg 1612w, https:\/\/ibclinicadental.com\/wp-content\/uploads\/2023\/06\/apneas-del-sueno-1116x502.jpg 1116w, https:\/\/ibclinicadental.com\/wp-content\/uploads\/2023\/06\/apneas-del-sueno-806x363.jpg 806w, https:\/\/ibclinicadental.com\/wp-content\/uploads\/2023\/06\/apneas-del-sueno-558x251.jpg 558w, https:\/\/ibclinicadental.com\/wp-content\/uploads\/2023\/06\/apneas-del-sueno-655x295.jpg 655w\" sizes=\"auto, (max-width: 744px) 100vw, 744px\" \/><\/p>\n<div class=\"wpb_text_column wpb_content_element negre post-formatting \">\n<h3> <\/h3>\n<h3> <\/h3>\n<h3>Les apnees o hipoapnees del son<\/h3>\n<p>Les apnees s\u00f3n un col\u00b7lapse de la via a\u00e8ria alta, almenys d&#8217;un 90% que dura almenys 10 segons.<\/p>\n<p>Una hipoapnea es considera un col\u00b7lapse m\u00e9s gran del 30%, associat a una dessaturaci\u00f3 d&#8217;oxigen del 3-4%.<\/p>\n<h3> <\/h3>\n<h3>Quines conseq\u00fc\u00e8ncies tenen les apnees o hipo-apnees del son?<\/h3>\n<div class=\"wpb_text_column wpb_content_element negre post-formatting \">\n<div class=\"wpb_wrapper\">\n<p>Les conseq\u00fc\u00e8ncies s\u00f3n variades i podem ser fins i tot greus:<\/p>\n<ul>\n<li>Excessiva somnol\u00e8ncia di\u00fcrna, ja que durant la nit no es descansa adequadament<\/li>\n<li>Baix rendiment laboral<\/li>\n<li>Augment d&#8217;accidents de tr\u00e0nsit<\/li>\n<li>Hipertensi\u00f3 arterial<\/li>\n<li>Accidents cerebrovasculars<\/li>\n<li>Miocardiopaties<\/li>\n<li>Hipertensi\u00f3 pulmonar<\/li>\n<\/ul>\n<\/div>\n<\/div>\n<div class=\"wpb_text_column wpb_content_element vc_custom_1644592270803 post-formatting \">\n<div class=\"wpb_wrapper\">\n<h3> <\/h3>\n<h3>El DAM o ferula d&#8217;avan\u00e7ament mandibular<\/h3>\n<\/div>\n<\/div>\n<div class=\"wpb_text_column wpb_content_element negre post-formatting \">\n<div class=\"wpb_wrapper\">\n<p>El DAM \u00e9s un dispositiu que avan\u00e7a la mand\u00edbula uns mil\u00b7l\u00edmetres, impedint el col\u00b7lapse de les vies a\u00e8ries. S&#8217;utilitzen durant la nit, mentre s&#8217;adorm, es col\u00b7loquen a la boca i modifiquen la posici\u00f3 de la mand\u00edbula, llengua i altres estructures de la via a\u00e8ria superior.<\/p>\n<p>Estan indicats per al tractament del ronc, apnea lleu i pacients que no tolerin la CPAP.<\/p>\n<p>El CPAP \u00e9s un compressor d&#8217;aire que produeix una pressi\u00f3 positiva i constant i mant\u00e9 oberta la via a\u00e8ria, mitjan\u00e7ant una m\u00e0scara i un arn\u00e8s que s&#8217;adapta a la boca i el cap del pacient.<\/p>\n<p>El DAM \u00e9s petit i de f\u00e0cil transport, aix\u00ed que molts pacients que viatgen sovint tamb\u00e9 l&#8217;utilitzen com a alternativa al CPAP.<\/p>\n<p>El DAM ha de ser realitzat per un dentista, format en medicina oral del son, i en el cas de les apnees que treballi en coordinaci\u00f3 amb la Unitat del Son. Abans d&#8217;iniciar el tractament, s&#8217;aconsella tenir un diagn\u00f2stic de certesa mitjan\u00e7ant una polisomnografia per determinar si l&#8217;apnea \u00e9s lleu, moderada o greu.<\/p>\n<p>En casos d&#8217;apnees del son lleus i moderades, \u00e9s molt millor tolerat que el CPAP.<\/p>\n<p>Les apnees greus s&#8217;han de tractar amb un CPAP.<\/p>\n<\/div>\n<\/div>\n<div class=\"wpb_text_column wpb_content_element vc_custom_1644592348722 post-formatting \">\n<div class=\"wpb_wrapper\">\n<h3> <\/h3>\n<h3>Com es fan els DAM?<\/h3>\n<\/div>\n<\/div>\n<div class=\"wpb_text_column wpb_content_element negre post-formatting \">\n<div class=\"wpb_wrapper\">\n<p>El disseny dels DAM \u00e9s molt senzill: el dentista pren unes impressions i registres al pacient del maxil\u00b7lar i la mand\u00edbula, simulant un aven\u00e7 mandibular. Es dissenyen i s&#8217;ajusten progressivament i de forma individualitzada. Els efectes secundaris s\u00f3n lleus i milloren amb el temps.<\/p>\n<p>Abans d&#8217;iniciar el tractament, cal avaluar l&#8217;estat de l&#8217;articulaci\u00f3 temporomandibular, les dents, les genives, etc.<\/p>\n<\/div>\n<\/div>\n<div class=\"wpb_text_column wpb_content_element vc_custom_1644592400547 post-formatting \">\n<div class=\"wpb_wrapper\">\n<h3> <\/h3>\n<h3>Com funcionen?<\/h3>\n<\/div>\n<\/div>\n<div class=\"wpb_text_column wpb_content_element negre post-formatting \">\n<div class=\"wpb_wrapper\">\n<p>El DAM es col\u00b7loca a la boca quan el pacient es fica al llit i la seva funci\u00f3 principal \u00e9s avan\u00e7ar la mand\u00edbula per aix\u00ed obrir les vies respirat\u00f2ries i que l&#8217;aire entri als pulmons amb la m\u00ednima resist\u00e8ncia. Amb aix\u00f2 aconseguim que arribi el nivell d&#8217;oxigen adequat a tots els \u00f2rgans ia m\u00e9s a m\u00e9s desapareix el soroll del ronc.<\/p>\n<p>El DAM \u00e9s efica\u00e7 per a les persones que volen deixar de roncar i pretenen millorar el descans durant el son.<\/p>\n<p>Amb aquest tipus de dispositius aconseguim millores a curt termini:<\/p>\n<ul>\n<li>Es redueixen les interrupcions del son i millora la qualitat de vida durant el dia<\/li>\n<li>La intensitat del ronc disminueix.<\/li>\n<\/ul>\n<p>Aquest tractament millora tant l&#8217;\u00edndex d&#8217;apnees, la qualitat del son del pacient, aix\u00ed com els s\u00edmptomes di\u00fcrns i nocturns de l&#8217;apnea del son. Tamb\u00e9 \u00e9s molt efica\u00e7 per al ronc, millorant el somni del pacient roncador i sobretot el malestar de les seves parelles.<\/p>\n<\/div>\n<\/div>\n<\/div>\n<\/div><\/div>\n","protected":false},"excerpt":{"rendered":"<p>F\u00e8rules del ronc o f\u00e8rules d&#8217;avan\u00e7ament mandibular Les f\u00e8rules del ronc o dispositius d&#8217;avan\u00e7ament mandibular (DAM) redueixen els roncs i les apnees del son lleus i moderades, contribuint a un somni de qualitat i reparadora. Es tracta d&#8217;una f\u00e8rula doble, maxil\u00b7lar i mandibular, que avan\u00e7a la mand\u00edbula uns mil\u00b7l\u00edmetres, aix\u00ed com la llengua i els&hellip;<\/p>\n","protected":false},"author":1,"featured_media":524,"comment_status":"open","ping_status":"open","sticky":false,"template":"","format":"standard","meta":{"_acf_changed":false,"_monsterinsights_skip_tracking":false,"_monsterinsights_sitenote_active":false,"_monsterinsights_sitenote_note":"","_monsterinsights_sitenote_category":0,"footnotes":""},"categories":[50],"tags":[],"class_list":["post-1","post","type-post","status-publish","format-standard","has-post-thumbnail","hentry","category-tractaments-dentals"],"acf":[],"yoast_head":"<!-- This site is optimized with the Yoast SEO plugin v26.7 - https:\/\/yoast.com\/wordpress\/plugins\/seo\/ -->\n<title>F\u00e8rules avan\u00e7 mandibular: ad\u00e9u al ronc i apnea del son<\/title>\n<meta name=\"description\" content=\"F\u00e8rules avan\u00e7 mandibular: redueix el ronc i l&#039;apnea del son. Efic\u00e0cia, tipus, costos i on obtenir-les.\" \/>\n<meta name=\"robots\" content=\"index, follow, max-snippet:-1, max-image-preview:large, max-video-preview:-1\" \/>\n<link rel=\"canonical\" href=\"https:\/\/ibclinicadental.com\/ca\/saps-que-son-les-ferules-del-ronc-o-ferules-davancament-mandibular\" \/>\n<meta property=\"og:locale\" content=\"ca_ES\" \/>\n<meta property=\"og:type\" content=\"article\" \/>\n<meta property=\"og:title\" content=\"F\u00e8rules avan\u00e7 mandibular: ad\u00e9u al ronc i apnea del son\" \/>\n<meta property=\"og:description\" content=\"F\u00e8rules avan\u00e7 mandibular: redueix el ronc i l&#039;apnea del son. Efic\u00e0cia, tipus, costos i on obtenir-les.\" \/>\n<meta property=\"og:url\" content=\"https:\/\/ibclinicadental.com\/ca\/saps-que-son-les-ferules-del-ronc-o-ferules-davancament-mandibular\" \/>\n<meta property=\"og:site_name\" content=\"IB Clinica Dental\" \/>\n<meta property=\"article:author\" content=\"https:\/\/www.facebook.com\/profile.php?id=100080886938371\" \/>\n<meta property=\"article:published_time\" content=\"2021-04-19T16:27:07+00:00\" \/>\n<meta property=\"article:modified_time\" content=\"2024-02-17T19:02:39+00:00\" \/>\n<meta property=\"og:image\" content=\"https:\/\/ibclinicadental.com\/wp-content\/uploads\/2022\/02\/ronc-1.jpg\" \/>\n\t<meta property=\"og:image:width\" content=\"1415\" \/>\n\t<meta property=\"og:image:height\" content=\"1415\" \/>\n\t<meta property=\"og:image:type\" content=\"image\/jpeg\" \/>\n<meta name=\"author\" content=\"ibclinicadental\" \/>\n<meta name=\"twitter:card\" content=\"summary_large_image\" \/>\n<meta name=\"twitter:label1\" content=\"Escrit per\" \/>\n\t<meta name=\"twitter:data1\" content=\"ibclinicadental\" \/>\n\t<meta name=\"twitter:label2\" content=\"Temps estimat de lectura\" \/>\n\t<meta name=\"twitter:data2\" content=\"4 minuts\" \/>\n<script type=\"application\/ld+json\" class=\"yoast-schema-graph\">{\"@context\":\"https:\/\/schema.org\",\"@graph\":[{\"@type\":\"Article\",\"@id\":\"https:\/\/ibclinicadental.com\/ca\/saps-que-son-les-ferules-del-ronc-o-ferules-davancament-mandibular#article\",\"isPartOf\":{\"@id\":\"https:\/\/ibclinicadental.com\/ca\/saps-que-son-les-ferules-del-ronc-o-ferules-davancament-mandibular\"},\"author\":{\"name\":\"ibclinicadental\",\"@id\":\"https:\/\/ibclinicadental.com\/ca#\/schema\/person\/d04ca5685e622412fc99401415d23ae2\"},\"headline\":\"Saps qu\u00e8 s\u00f3n les f\u00e8rules del ronc o f\u00e8rules d&#8217;avan\u00e7ament mandibular?\",\"datePublished\":\"2021-04-19T16:27:07+00:00\",\"dateModified\":\"2024-02-17T19:02:39+00:00\",\"mainEntityOfPage\":{\"@id\":\"https:\/\/ibclinicadental.com\/ca\/saps-que-son-les-ferules-del-ronc-o-ferules-davancament-mandibular\"},\"wordCount\":919,\"commentCount\":0,\"image\":{\"@id\":\"https:\/\/ibclinicadental.com\/ca\/saps-que-son-les-ferules-del-ronc-o-ferules-davancament-mandibular#primaryimage\"},\"thumbnailUrl\":\"https:\/\/ibclinicadental.com\/wp-content\/uploads\/2022\/02\/ronc-1.jpg\",\"articleSection\":[\"Tractaments Dentals\"],\"inLanguage\":\"ca\",\"potentialAction\":[{\"@type\":\"CommentAction\",\"name\":\"Comment\",\"target\":[\"https:\/\/ibclinicadental.com\/ca\/saps-que-son-les-ferules-del-ronc-o-ferules-davancament-mandibular#respond\"]}]},{\"@type\":\"WebPage\",\"@id\":\"https:\/\/ibclinicadental.com\/ca\/saps-que-son-les-ferules-del-ronc-o-ferules-davancament-mandibular\",\"url\":\"https:\/\/ibclinicadental.com\/ca\/saps-que-son-les-ferules-del-ronc-o-ferules-davancament-mandibular\",\"name\":\"F\u00e8rules avan\u00e7 mandibular: ad\u00e9u al ronc i apnea del son\",\"isPartOf\":{\"@id\":\"https:\/\/ibclinicadental.com\/ca#website\"},\"primaryImageOfPage\":{\"@id\":\"https:\/\/ibclinicadental.com\/ca\/saps-que-son-les-ferules-del-ronc-o-ferules-davancament-mandibular#primaryimage\"},\"image\":{\"@id\":\"https:\/\/ibclinicadental.com\/ca\/saps-que-son-les-ferules-del-ronc-o-ferules-davancament-mandibular#primaryimage\"},\"thumbnailUrl\":\"https:\/\/ibclinicadental.com\/wp-content\/uploads\/2022\/02\/ronc-1.jpg\",\"datePublished\":\"2021-04-19T16:27:07+00:00\",\"dateModified\":\"2024-02-17T19:02:39+00:00\",\"author\":{\"@id\":\"https:\/\/ibclinicadental.com\/ca#\/schema\/person\/d04ca5685e622412fc99401415d23ae2\"},\"description\":\"F\u00e8rules avan\u00e7 mandibular: redueix el ronc i l'apnea del son. Efic\u00e0cia, tipus, costos i on obtenir-les.\",\"breadcrumb\":{\"@id\":\"https:\/\/ibclinicadental.com\/ca\/saps-que-son-les-ferules-del-ronc-o-ferules-davancament-mandibular#breadcrumb\"},\"inLanguage\":\"ca\",\"potentialAction\":[{\"@type\":\"ReadAction\",\"target\":[\"https:\/\/ibclinicadental.com\/ca\/saps-que-son-les-ferules-del-ronc-o-ferules-davancament-mandibular\"]}]},{\"@type\":\"ImageObject\",\"inLanguage\":\"ca\",\"@id\":\"https:\/\/ibclinicadental.com\/ca\/saps-que-son-les-ferules-del-ronc-o-ferules-davancament-mandibular#primaryimage\",\"url\":\"https:\/\/ibclinicadental.com\/wp-content\/uploads\/2022\/02\/ronc-1.jpg\",\"contentUrl\":\"https:\/\/ibclinicadental.com\/wp-content\/uploads\/2022\/02\/ronc-1.jpg\",\"width\":1415,\"height\":1415},{\"@type\":\"BreadcrumbList\",\"@id\":\"https:\/\/ibclinicadental.com\/ca\/saps-que-son-les-ferules-del-ronc-o-ferules-davancament-mandibular#breadcrumb\",\"itemListElement\":[{\"@type\":\"ListItem\",\"position\":1,\"name\":\"Portada\",\"item\":\"https:\/\/ibclinicadental.com\/ca\"},{\"@type\":\"ListItem\",\"position\":2,\"name\":\"Saps qu\u00e8 s\u00f3n les f\u00e8rules del ronc o f\u00e8rules d&#8217;avan\u00e7ament mandibular?\"}]},{\"@type\":\"WebSite\",\"@id\":\"https:\/\/ibclinicadental.com\/ca#website\",\"url\":\"https:\/\/ibclinicadental.com\/ca\",\"name\":\"IB Clinica Dental\",\"description\":\"Clinica Dental en Tarragona. Excelencia en Odontolog\u00eda\",\"potentialAction\":[{\"@type\":\"SearchAction\",\"target\":{\"@type\":\"EntryPoint\",\"urlTemplate\":\"https:\/\/ibclinicadental.com\/ca?s={search_term_string}\"},\"query-input\":{\"@type\":\"PropertyValueSpecification\",\"valueRequired\":true,\"valueName\":\"search_term_string\"}}],\"inLanguage\":\"ca\"},{\"@type\":\"Person\",\"@id\":\"https:\/\/ibclinicadental.com\/ca#\/schema\/person\/d04ca5685e622412fc99401415d23ae2\",\"name\":\"ibclinicadental\",\"image\":{\"@type\":\"ImageObject\",\"inLanguage\":\"ca\",\"@id\":\"https:\/\/ibclinicadental.com\/ca#\/schema\/person\/image\/\",\"url\":\"https:\/\/secure.gravatar.com\/avatar\/6cbd2c5cc8fb6019a5df6bc36e55bd9dfc01b14106ec3da34ea9882647da057c?s=96&d=mm&r=g\",\"contentUrl\":\"https:\/\/secure.gravatar.com\/avatar\/6cbd2c5cc8fb6019a5df6bc36e55bd9dfc01b14106ec3da34ea9882647da057c?s=96&d=mm&r=g\",\"caption\":\"ibclinicadental\"},\"sameAs\":[\"https:\/\/ibclinicadental.com\",\"https:\/\/www.facebook.com\/profile.php?id=100080886938371\",\"https:\/\/www.instagram.com\/ibclinicadental\/\"],\"url\":\"https:\/\/ibclinicadental.com\/ca\/author\/ibclinicadental\"}]}<\/script>\n<!-- \/ Yoast SEO plugin. -->","yoast_head_json":{"title":"F\u00e8rules avan\u00e7 mandibular: ad\u00e9u al ronc i apnea del son","description":"F\u00e8rules avan\u00e7 mandibular: redueix el ronc i l'apnea del son. Efic\u00e0cia, tipus, costos i on obtenir-les.","robots":{"index":"index","follow":"follow","max-snippet":"max-snippet:-1","max-image-preview":"max-image-preview:large","max-video-preview":"max-video-preview:-1"},"canonical":"https:\/\/ibclinicadental.com\/ca\/saps-que-son-les-ferules-del-ronc-o-ferules-davancament-mandibular","og_locale":"ca_ES","og_type":"article","og_title":"F\u00e8rules avan\u00e7 mandibular: ad\u00e9u al ronc i apnea del son","og_description":"F\u00e8rules avan\u00e7 mandibular: redueix el ronc i l'apnea del son. Efic\u00e0cia, tipus, costos i on obtenir-les.","og_url":"https:\/\/ibclinicadental.com\/ca\/saps-que-son-les-ferules-del-ronc-o-ferules-davancament-mandibular","og_site_name":"IB Clinica Dental","article_author":"https:\/\/www.facebook.com\/profile.php?id=100080886938371","article_published_time":"2021-04-19T16:27:07+00:00","article_modified_time":"2024-02-17T19:02:39+00:00","og_image":[{"width":1415,"height":1415,"url":"https:\/\/ibclinicadental.com\/wp-content\/uploads\/2022\/02\/ronc-1.jpg","type":"image\/jpeg"}],"author":"ibclinicadental","twitter_card":"summary_large_image","twitter_misc":{"Escrit per":"ibclinicadental","Temps estimat de lectura":"4 minuts"},"schema":{"@context":"https:\/\/schema.org","@graph":[{"@type":"Article","@id":"https:\/\/ibclinicadental.com\/ca\/saps-que-son-les-ferules-del-ronc-o-ferules-davancament-mandibular#article","isPartOf":{"@id":"https:\/\/ibclinicadental.com\/ca\/saps-que-son-les-ferules-del-ronc-o-ferules-davancament-mandibular"},"author":{"name":"ibclinicadental","@id":"https:\/\/ibclinicadental.com\/ca#\/schema\/person\/d04ca5685e622412fc99401415d23ae2"},"headline":"Saps qu\u00e8 s\u00f3n les f\u00e8rules del ronc o f\u00e8rules d&#8217;avan\u00e7ament mandibular?","datePublished":"2021-04-19T16:27:07+00:00","dateModified":"2024-02-17T19:02:39+00:00","mainEntityOfPage":{"@id":"https:\/\/ibclinicadental.com\/ca\/saps-que-son-les-ferules-del-ronc-o-ferules-davancament-mandibular"},"wordCount":919,"commentCount":0,"image":{"@id":"https:\/\/ibclinicadental.com\/ca\/saps-que-son-les-ferules-del-ronc-o-ferules-davancament-mandibular#primaryimage"},"thumbnailUrl":"https:\/\/ibclinicadental.com\/wp-content\/uploads\/2022\/02\/ronc-1.jpg","articleSection":["Tractaments Dentals"],"inLanguage":"ca","potentialAction":[{"@type":"CommentAction","name":"Comment","target":["https:\/\/ibclinicadental.com\/ca\/saps-que-son-les-ferules-del-ronc-o-ferules-davancament-mandibular#respond"]}]},{"@type":"WebPage","@id":"https:\/\/ibclinicadental.com\/ca\/saps-que-son-les-ferules-del-ronc-o-ferules-davancament-mandibular","url":"https:\/\/ibclinicadental.com\/ca\/saps-que-son-les-ferules-del-ronc-o-ferules-davancament-mandibular","name":"F\u00e8rules avan\u00e7 mandibular: ad\u00e9u al ronc i apnea del son","isPartOf":{"@id":"https:\/\/ibclinicadental.com\/ca#website"},"primaryImageOfPage":{"@id":"https:\/\/ibclinicadental.com\/ca\/saps-que-son-les-ferules-del-ronc-o-ferules-davancament-mandibular#primaryimage"},"image":{"@id":"https:\/\/ibclinicadental.com\/ca\/saps-que-son-les-ferules-del-ronc-o-ferules-davancament-mandibular#primaryimage"},"thumbnailUrl":"https:\/\/ibclinicadental.com\/wp-content\/uploads\/2022\/02\/ronc-1.jpg","datePublished":"2021-04-19T16:27:07+00:00","dateModified":"2024-02-17T19:02:39+00:00","author":{"@id":"https:\/\/ibclinicadental.com\/ca#\/schema\/person\/d04ca5685e622412fc99401415d23ae2"},"description":"F\u00e8rules avan\u00e7 mandibular: redueix el ronc i l'apnea del son. Efic\u00e0cia, tipus, costos i on obtenir-les.","breadcrumb":{"@id":"https:\/\/ibclinicadental.com\/ca\/saps-que-son-les-ferules-del-ronc-o-ferules-davancament-mandibular#breadcrumb"},"inLanguage":"ca","potentialAction":[{"@type":"ReadAction","target":["https:\/\/ibclinicadental.com\/ca\/saps-que-son-les-ferules-del-ronc-o-ferules-davancament-mandibular"]}]},{"@type":"ImageObject","inLanguage":"ca","@id":"https:\/\/ibclinicadental.com\/ca\/saps-que-son-les-ferules-del-ronc-o-ferules-davancament-mandibular#primaryimage","url":"https:\/\/ibclinicadental.com\/wp-content\/uploads\/2022\/02\/ronc-1.jpg","contentUrl":"https:\/\/ibclinicadental.com\/wp-content\/uploads\/2022\/02\/ronc-1.jpg","width":1415,"height":1415},{"@type":"BreadcrumbList","@id":"https:\/\/ibclinicadental.com\/ca\/saps-que-son-les-ferules-del-ronc-o-ferules-davancament-mandibular#breadcrumb","itemListElement":[{"@type":"ListItem","position":1,"name":"Portada","item":"https:\/\/ibclinicadental.com\/ca"},{"@type":"ListItem","position":2,"name":"Saps qu\u00e8 s\u00f3n les f\u00e8rules del ronc o f\u00e8rules d&#8217;avan\u00e7ament mandibular?"}]},{"@type":"WebSite","@id":"https:\/\/ibclinicadental.com\/ca#website","url":"https:\/\/ibclinicadental.com\/ca","name":"IB Clinica Dental","description":"Clinica Dental en Tarragona. Excelencia en Odontolog\u00eda","potentialAction":[{"@type":"SearchAction","target":{"@type":"EntryPoint","urlTemplate":"https:\/\/ibclinicadental.com\/ca?s={search_term_string}"},"query-input":{"@type":"PropertyValueSpecification","valueRequired":true,"valueName":"search_term_string"}}],"inLanguage":"ca"},{"@type":"Person","@id":"https:\/\/ibclinicadental.com\/ca#\/schema\/person\/d04ca5685e622412fc99401415d23ae2","name":"ibclinicadental","image":{"@type":"ImageObject","inLanguage":"ca","@id":"https:\/\/ibclinicadental.com\/ca#\/schema\/person\/image\/","url":"https:\/\/secure.gravatar.com\/avatar\/6cbd2c5cc8fb6019a5df6bc36e55bd9dfc01b14106ec3da34ea9882647da057c?s=96&d=mm&r=g","contentUrl":"https:\/\/secure.gravatar.com\/avatar\/6cbd2c5cc8fb6019a5df6bc36e55bd9dfc01b14106ec3da34ea9882647da057c?s=96&d=mm&r=g","caption":"ibclinicadental"},"sameAs":["https:\/\/ibclinicadental.com","https:\/\/www.facebook.com\/profile.php?id=100080886938371","https:\/\/www.instagram.com\/ibclinicadental\/"],"url":"https:\/\/ibclinicadental.com\/ca\/author\/ibclinicadental"}]}},"_links":{"self":[{"href":"https:\/\/ibclinicadental.com\/ca\/wp-json\/wp\/v2\/posts\/1","targetHints":{"allow":["GET"]}}],"collection":[{"href":"https:\/\/ibclinicadental.com\/ca\/wp-json\/wp\/v2\/posts"}],"about":[{"href":"https:\/\/ibclinicadental.com\/ca\/wp-json\/wp\/v2\/types\/post"}],"author":[{"embeddable":true,"href":"https:\/\/ibclinicadental.com\/ca\/wp-json\/wp\/v2\/users\/1"}],"replies":[{"embeddable":true,"href":"https:\/\/ibclinicadental.com\/ca\/wp-json\/wp\/v2\/comments?post=1"}],"version-history":[{"count":21,"href":"https:\/\/ibclinicadental.com\/ca\/wp-json\/wp\/v2\/posts\/1\/revisions"}],"predecessor-version":[{"id":1729,"href":"https:\/\/ibclinicadental.com\/ca\/wp-json\/wp\/v2\/posts\/1\/revisions\/1729"}],"wp:featuredmedia":[{"embeddable":true,"href":"https:\/\/ibclinicadental.com\/ca\/wp-json\/wp\/v2\/media\/524"}],"wp:attachment":[{"href":"https:\/\/ibclinicadental.com\/ca\/wp-json\/wp\/v2\/media?parent=1"}],"wp:term":[{"taxonomy":"category","embeddable":true,"href":"https:\/\/ibclinicadental.com\/ca\/wp-json\/wp\/v2\/categories?post=1"},{"taxonomy":"post_tag","embeddable":true,"href":"https:\/\/ibclinicadental.com\/ca\/wp-json\/wp\/v2\/tags?post=1"}],"curies":[{"name":"wp","href":"https:\/\/api.w.org\/{rel}","templated":true}]}}